

{"id":542,"date":"2022-11-09T12:20:02","date_gmt":"2022-11-09T12:20:02","guid":{"rendered":"https:\/\/demo.psicoweb.co\/creandohumanidad\/?p=542"},"modified":"2022-11-12T15:23:39","modified_gmt":"2022-11-12T15:23:39","slug":"las-rabietas","status":"publish","type":"post","link":"https:\/\/demo.psicoweb.co\/creandohumanidad\/las-rabietas\/","title":{"rendered":"Las rabietas"},"content":{"rendered":"\n<p>En el sistema actual, manipulado, nos han dicho a los padres que nuestros hijos tienen las mal llamadas \u201crabietas\u201d\u2026 Entre los 3 y 6 a\u00f1os aproximadamente, empieza a desarrolarse una parte del cerebro, que est\u00e1 relacionada con la racionalidad. Cuando vemos a nuestros hijos con \u201crabietas\u201d muchas veces no sabemos c\u00f3mo reaccionar, y la mayor\u00eda de las veces no se hace lo que ser\u00eda saludable hacer, que es acompa\u00f1arle en su enfado, validar su sentimiento de rabia.<\/p>\n\n\n\n<p>Cuando son peque\u00f1os est\u00e1 muy latente el cerebro emocional, y no est\u00e1 desarrollada lo que se llama, la \u201cteor\u00eda de la mente\u201d, que no es ninguna teor\u00eda, ya que se han hecho experimentos que validan contrastadamente esta teor\u00eda. Por lo tanto, los ni\u00f1os peque\u00f1os no pueden racionalizar su rabia y no se pueden poner en la piel del otro, ni entender que los otros piensan diferente a \u00e9l. Es la edad egoc\u00e9ntrica, esto significa que est\u00e1n desarrollando su yo, cosa completamente saludable, para defender su espacio personal.<\/p>\n\n\n\n<p>Lo que normalmente se hace es que los adultos se ponen nerviosos, y empiezan a manipular, chantajear, ningunear, castigar, explicarles de manera racional las cosas, dando lecciones de moral (cosa que est\u00e1 bien pero no lo van a entender hasta que esa parte del cerebro racional se desarrolle\u2026) y hasta imitar de manera burlona, lo cual es descabelladamente tiranizante.<\/p>\n\n\n\n<p>En este sentido, actuamos de acuerdo a los patrones que hemos aprendido en nuestra crianza, haciendo que repliquemos patrones que han sido integrados como v\u00e1lidos. Entonces es el momento de mirarnos a nosotros mismos, los adultos, y recordar c\u00f3mo reaccionaron nuestros padres o tutores cuando sent\u00edamos rabia cuando \u00e9ramos peque\u00f1os. De esta manera chequeamos el por qu\u00e9 sentimos lo que sentimos cuando nuestros hijos tienen esos ataques de rabia\u2026<\/p>\n\n\n\n<p>La sana manera de acompa\u00f1ar a nuestros hijos en estos momentos es respirando profundo y aceptar ese momento, acompa\u00f1arlos, bajarnos a su nivel y empatizar, validar su sentimiento, poner palabras a su sentimiento de rabia para que se sienta reconocido y validado. No se trata de esperar a que el episodio acabe, estoicamente y con frustraci\u00f3n, tampoco se trata de cantar un \u201commmmmmmm\u201d, no sirve, es m\u00e1s, lo \u00fanico que ver\u00e1 es a su padre o madre disoci\u00e1ndose de su sentimiento y alej\u00e1ndose de \u00e9l\u2026.<\/p>\n\n\n\n<figure class=\"wp-block-image size-large\"><img decoding=\"async\" width=\"1024\" height=\"684\" src=\"https:\/\/demo.psicoweb.co\/creandohumanidad\/wp-content\/uploads\/2022\/11\/pexels-pavel-danilyuk-7180270-1024x684.jpg\" alt=\"\" class=\"wp-image-544\" srcset=\"https:\/\/demo.psicoweb.co\/creandohumanidad\/wp-content\/uploads\/2022\/11\/pexels-pavel-danilyuk-7180270-1024x684.jpg 1024w, https:\/\/demo.psicoweb.co\/creandohumanidad\/wp-content\/uploads\/2022\/11\/pexels-pavel-danilyuk-7180270-300x200.jpg 300w, https:\/\/demo.psicoweb.co\/creandohumanidad\/wp-content\/uploads\/2022\/11\/pexels-pavel-danilyuk-7180270-768x513.jpg 768w, https:\/\/demo.psicoweb.co\/creandohumanidad\/wp-content\/uploads\/2022\/11\/pexels-pavel-danilyuk-7180270-1536x1026.jpg 1536w, https:\/\/demo.psicoweb.co\/creandohumanidad\/wp-content\/uploads\/2022\/11\/pexels-pavel-danilyuk-7180270.jpg 1920w\" sizes=\"(max-width: 1024px) 100vw, 1024px\" \/><\/figure>\n\n\n\n<p>S\u00e9 que resulta dif\u00edcil, pero ya ver\u00e1s que de repente, todo cambia, y su atenci\u00f3n de repente ya est\u00e1 en otro est\u00edmulo. En estos momentos de rabia, las mam\u00e1s que dan de mamar, pueden hacerlo, si es que el beb\u00e9 o ni\u00f1o lo acepta, si no, no hay que enchufarle la teta en la boca, si no es lo que quiere. Veo a muchas madres que practican la crianza \u201crespetuosa\u201d que insisten en meterles la teta en la boca para que se callen, cuando los beb\u00e9s no quieren eso, muchos quieren simplemente que le dejen expresar su frustraci\u00f3n o rabia, por lo tanto \u201cenchufarles la teta\u201d no ser\u00eda un acto respetuoso hacia el beb\u00e9 o ni\u00f1o\u2026. Tampoco se trata de darles todo lo que quiera el ni\u00f1o, debemos tener claro los l\u00edmites que tienen que ver con la SEGURIDAD y con la SALUD\u2026 y muchas veces se trata de que en ese momento no se puede dar lo que pide, sin m\u00e1s, as\u00ed que no hay que aflojar, porque si no, no le est\u00e1s dando la oportunidad de que autorregule su frustraci\u00f3n, de que aprenda a gestionar sus emociones. Si cedemos en todo momento, estamos vendidos\u2026y los ni\u00f1os son muy sensibles y perceptivos de las debilidades de los adultos. En este momento tendremos que ser congruentes, coherentes y sistem\u00e1ticos, porque esto adem\u00e1s les dar\u00e1 seguridad, el saber d\u00f3nde est\u00e1n los l\u00edmites. Si cedemos siempre podemos estar criando a un peque\u00f1o tirano. No hay recetas m\u00e1gicas, cada momento es diferente, y debemos valorar si tenemos que ceder o no. A veces simplemente quieren probar una cosa nueva y entonces es el momento de pensar si debemos o no debemos ceder, \u00bfcu\u00e1l ser\u00eda la consecuencia?<\/p>\n\n\n\n<p>Pongo un ejemplo: Mi hijo de 4 a\u00f1os, un d\u00eda, se subi\u00f3 al coche con su peque\u00f1a mochila, que \u00e9l llama \u201ccarapaz\u00f3n\u201d (como el caparaz\u00f3n de las tortugas ninja ;)) y en un principio me pareci\u00f3 que as\u00ed no pod\u00eda ir porque iba a estar inc\u00f3modo, estuvimos debatiendo un poco y enseguida me di cuenta de que para \u00e9l era importante llevar su \u201ccarapaz\u00f3n\u201d y de que, si se lo quitaba, pensando en que lo iba a proteger de la incomodidad, me iba a comer literalmente una llantina lamentosa por largo tiempo\u2026 pues bien, valor\u00e9 la situaci\u00f3n, y se lo dej\u00e9, pens\u00e9 que si se la quitaba, no podr\u00eda nunca experimentar la sensaci\u00f3n de llevar su \u201ccarapaz\u00f3n\u201d en la sillita del coche y que tampoco le iba a dar la oportunidad de experimentar si realmente estaba inc\u00f3modo o no. Porque se lo diga yo, no tiene por qu\u00e9 pensar que as\u00ed sea\u2026 As\u00ed que le dej\u00e9 con su \u201ccarapaz\u00f3n\u201d y todos contentos\u2026 Muchas veces minusvaloramos la capacidad de los ni\u00f1os de darse cuenta de sus sensaciones, y realmente, \u00a1<em>ellos est\u00e1n m\u00e1s conectados<\/em> <em>con su cuerpo que nosotros<\/em>! Se trata de confiar en que el ni\u00f1o no har\u00e1 una cosa con la que se sienta inc\u00f3modo. Es m\u00e1s, si insistimos en que haga lo que nosotros queremos, lo que querr\u00e1 hacer es lo contrario\u2026 Aun as\u00ed, siempre hay que valorar las situaciones, por ejemplo, si va a ser un viaje largo o no, si la mochila est\u00e1 demasiado cargada o no. Nunca hay una regla fija, pero siempre tendemos a pensar m\u00e1s por el ni\u00f1o que dejarle pensar y experimentar por s\u00ed mismo. Dejemos pues que experimenten por s\u00ed mismos. \u00a1<em>Confiar en ellos es invertir en su Autoconfianza en el futuro<\/em>! Eso no quiere decir que si quiere fumar un cigarro le dejemos, pero recuerdo que mi t\u00edo le dej\u00f3 a mi prima, cuando era peque\u00f1a probar el vino, y nunca m\u00e1s volvi\u00f3 a beber, lo mismo pas\u00f3 con su hermano peque\u00f1o \ud83d\ude09<\/p>\n\n\n\n<figure class=\"wp-block-embed is-type-video is-provider-youtube wp-block-embed-youtube wp-embed-aspect-4-3 wp-has-aspect-ratio\"><div class=\"wp-block-embed__wrapper\">\n<iframe loading=\"lazy\" title=\"teoria de la mente.mp4\" width=\"500\" height=\"375\" src=\"https:\/\/www.youtube.com\/embed\/9Wj46NgKWOo?feature=oembed\" frameborder=\"0\" allow=\"accelerometer; autoplay; clipboard-write; encrypted-media; gyroscope; picture-in-picture; web-share\" referrerpolicy=\"strict-origin-when-cross-origin\" allowfullscreen><\/iframe>\n<\/div><\/figure>\n","protected":false},"excerpt":{"rendered":"<p>En el sistema actual, manipulado, nos han dicho a los padres que nuestros hijos tienen las mal llamadas \u201crabietas\u201d\u2026 Entre los 3 y 6 a\u00f1os aproximadamente, empieza a desarrolarse una parte del cerebro, que est\u00e1 relacionada con la racionalidad. Cuando vemos a nuestros hijos con \u201crabietas\u201d muchas veces no sabemos c\u00f3mo reaccionar, y la mayor\u00eda [&hellip;]<\/p>\n","protected":false},"author":2,"featured_media":543,"comment_status":"open","ping_status":"closed","sticky":false,"template":"","format":"standard","meta":{"_breakdance_hide_in_design_set":false,"_breakdance_tags":"","_wp_stack_schedule":false,"footnotes":""},"categories":[4],"tags":[],"_links":{"self":[{"href":"https:\/\/demo.psicoweb.co\/creandohumanidad\/wp-json\/wp\/v2\/posts\/542"}],"collection":[{"href":"https:\/\/demo.psicoweb.co\/creandohumanidad\/wp-json\/wp\/v2\/posts"}],"about":[{"href":"https:\/\/demo.psicoweb.co\/creandohumanidad\/wp-json\/wp\/v2\/types\/post"}],"author":[{"embeddable":true,"href":"https:\/\/demo.psicoweb.co\/creandohumanidad\/wp-json\/wp\/v2\/users\/2"}],"replies":[{"embeddable":true,"href":"https:\/\/demo.psicoweb.co\/creandohumanidad\/wp-json\/wp\/v2\/comments?post=542"}],"version-history":[{"count":0,"href":"https:\/\/demo.psicoweb.co\/creandohumanidad\/wp-json\/wp\/v2\/posts\/542\/revisions"}],"wp:featuredmedia":[{"embeddable":true,"href":"https:\/\/demo.psicoweb.co\/creandohumanidad\/wp-json\/wp\/v2\/media\/543"}],"wp:attachment":[{"href":"https:\/\/demo.psicoweb.co\/creandohumanidad\/wp-json\/wp\/v2\/media?parent=542"}],"wp:term":[{"taxonomy":"category","embeddable":true,"href":"https:\/\/demo.psicoweb.co\/creandohumanidad\/wp-json\/wp\/v2\/categories?post=542"},{"taxonomy":"post_tag","embeddable":true,"href":"https:\/\/demo.psicoweb.co\/creandohumanidad\/wp-json\/wp\/v2\/tags?post=542"}],"curies":[{"name":"wp","href":"https:\/\/api.w.org\/{rel}","templated":true}]}}